{"id":536,"date":"2016-01-14T16:00:21","date_gmt":"2016-01-14T15:00:21","guid":{"rendered":"http:\/\/helden-von-falkenstein.de\/wordpress\/?p=536"},"modified":"2016-01-14T16:05:48","modified_gmt":"2016-01-14T15:05:48","slug":"alleine-reisen-macht-einsam-die-begleiter","status":"publish","type":"post","link":"https:\/\/helden-von-falkenstein.de\/wordpress\/alleine-reisen-macht-einsam-die-begleiter\/","title":{"rendered":"Alleine Reisen macht einsam &#8211; Die Begleiter"},"content":{"rendered":"<p>Neben den <a href=\"http:\/\/helden-von-falkenstein.de\/wordpress\/falkenstein\/helden\/\">Helden<\/a> und <a href=\"http:\/\/helden-von-falkenstein.de\/wordpress\/falkenstein\/jericho-vs-bernhelm\/\">wichtigen Pers\u00f6nlichkeiten<\/a> Falkensteins gibt es auch eine Reihe Begleiter. Einige von ihnen sind ebenfalls Helden Falkensteins, die jedoch nicht als Charakterkarte zur Verf\u00fcgung stehen. Andere sind B\u00fcrger\u00a0und Reisende, die in Falkenstein Bekanntheit erlangt haben. Dar\u00fcber hinaus gibt es auch einfache Tagel\u00f6hner, die ihre sieben Sachen gepackt haben und das gro\u00dfe Abenteuer wittern. Jeder Held kann bis zu zwei Begleiter (bzw. einen Begleiter und ein <a href=\"http:\/\/helden-von-falkenstein.de\/wordpress\/vier-pferde-und-ein-esel\/\">Pferd<\/a>) f\u00fcr ein paar Kupfer anheuern. Alle haben sie gemeinsam, dass sie den Helden im Kampf\u00a0oder\u00a0w\u00e4hrend der Reise tatkr\u00e4ftig unterst\u00fctzen. In diesem Beitrag m\u00f6chten wir euch eben diese Begleiter, die in der B\u00e4renh\u00f6hle in St. Georg anzutreffen sind, vorstellen.<\/p>\n<p>&nbsp;<\/p>\n<div data-carousel-extra='{\"blog_id\":1,\"permalink\":\"https:\\\/\\\/helden-von-falkenstein.de\\\/wordpress\\\/alleine-reisen-macht-einsam-die-begleiter\\\/\"}' id='gallery-1' class='gallery galleryid-536 gallery-columns-3 gallery-size-medium'><figure class='gallery-item'>\n\t\t\t<div class='gallery-icon portrait'>\n\t\t\t\t<a href='https:\/\/i0.wp.com\/helden-von-falkenstein.de\/wordpress\/wp-content\/uploads\/2016\/01\/kasimir_gemalt_klein.jpg?ssl=1' rel=\"lightbox[536]\"><img loading=\"lazy\" decoding=\"async\" width=\"195\" height=\"300\" src=\"https:\/\/i0.wp.com\/helden-von-falkenstein.de\/wordpress\/wp-content\/uploads\/2016\/01\/kasimir_gemalt_klein.jpg?fit=195%2C300&amp;ssl=1\" class=\"attachment-medium size-medium\" alt=\"Kuriosit\u00e4ten Kasimir\" aria-describedby=\"gallery-1-546\" srcset=\"https:\/\/i0.wp.com\/helden-von-falkenstein.de\/wordpress\/wp-content\/uploads\/2016\/01\/kasimir_gemalt_klein.jpg?w=1000&amp;ssl=1 1000w, https:\/\/i0.wp.com\/helden-von-falkenstein.de\/wordpress\/wp-content\/uploads\/2016\/01\/kasimir_gemalt_klein.jpg?resize=195%2C300&amp;ssl=1 195w, https:\/\/i0.wp.com\/helden-von-falkenstein.de\/wordpress\/wp-content\/uploads\/2016\/01\/kasimir_gemalt_klein.jpg?resize=665%2C1024&amp;ssl=1 665w, https:\/\/i0.wp.com\/helden-von-falkenstein.de\/wordpress\/wp-content\/uploads\/2016\/01\/kasimir_gemalt_klein.jpg?resize=250%2C385&amp;ssl=1 250w\" sizes=\"auto, (max-width: 195px) 100vw, 195px\" data-attachment-id=\"546\" data-permalink=\"https:\/\/helden-von-falkenstein.de\/wordpress\/alleine-reisen-macht-einsam-die-begleiter\/kasimir_gemalt_klein\/\" data-orig-file=\"https:\/\/i0.wp.com\/helden-von-falkenstein.de\/wordpress\/wp-content\/uploads\/2016\/01\/kasimir_gemalt_klein.jpg?fit=1000%2C1539&amp;ssl=1\" data-orig-size=\"1000,1539\" data-comments-opened=\"1\" data-image-meta=\"{&quot;aperture&quot;:&quot;0&quot;,&quot;credit&quot;:&quot;&quot;,&quot;camera&quot;:&quot;&quot;,&quot;caption&quot;:&quot;&quot;,&quot;created_timestamp&quot;:&quot;0&quot;,&quot;copyright&quot;:&quot;&quot;,&quot;focal_length&quot;:&quot;0&quot;,&quot;iso&quot;:&quot;0&quot;,&quot;shutter_speed&quot;:&quot;0&quot;,&quot;title&quot;:&quot;&quot;,&quot;orientation&quot;:&quot;1&quot;}\" data-image-title=\"Kuriosit\u00e4ten Kasimir\" data-image-description=\"&lt;p&gt;Begleiter &amp;#8211; Kuriosit\u00e4ten Kasimir&lt;\/p&gt;\n\" data-image-caption=\"&lt;p&gt;Kuriosit\u00e4ten Kasimir &amp;#8211; kauft nutzlosen Plunder f\u00fcr 3 Kupfer an&lt;\/p&gt;\n\" data-medium-file=\"https:\/\/i0.wp.com\/helden-von-falkenstein.de\/wordpress\/wp-content\/uploads\/2016\/01\/kasimir_gemalt_klein.jpg?fit=195%2C300&amp;ssl=1\" data-large-file=\"https:\/\/i0.wp.com\/helden-von-falkenstein.de\/wordpress\/wp-content\/uploads\/2016\/01\/kasimir_gemalt_klein.jpg?fit=665%2C1024&amp;ssl=1\" \/><\/a>\n\t\t\t<\/div>\n\t\t\t\t<figcaption class='wp-caption-text gallery-caption' id='gallery-1-546'>\n\t\t\t\tKuriosit\u00e4ten Kasimir &#8211; kauft nutzlosen Plunder f\u00fcr 3 Kupfer an\n\t\t\t\t<\/figcaption><\/figure><figure class='gallery-item'>\n\t\t\t<div class='gallery-icon portrait'>\n\t\t\t\t<a href='https:\/\/i0.wp.com\/helden-von-falkenstein.de\/wordpress\/wp-content\/uploads\/2016\/01\/merle_klein.jpg?ssl=1' rel=\"lightbox[536]\"><img loading=\"lazy\" decoding=\"async\" width=\"171\" height=\"300\" src=\"https:\/\/i0.wp.com\/helden-von-falkenstein.de\/wordpress\/wp-content\/uploads\/2016\/01\/merle_klein.jpg?fit=171%2C300&amp;ssl=1\" class=\"attachment-medium size-medium\" alt=\"Trommlerin Merle\" aria-describedby=\"gallery-1-541\" srcset=\"https:\/\/i0.wp.com\/helden-von-falkenstein.de\/wordpress\/wp-content\/uploads\/2016\/01\/merle_klein.jpg?w=800&amp;ssl=1 800w, https:\/\/i0.wp.com\/helden-von-falkenstein.de\/wordpress\/wp-content\/uploads\/2016\/01\/merle_klein.jpg?resize=171%2C300&amp;ssl=1 171w, https:\/\/i0.wp.com\/helden-von-falkenstein.de\/wordpress\/wp-content\/uploads\/2016\/01\/merle_klein.jpg?resize=584%2C1024&amp;ssl=1 584w, https:\/\/i0.wp.com\/helden-von-falkenstein.de\/wordpress\/wp-content\/uploads\/2016\/01\/merle_klein.jpg?resize=250%2C438&amp;ssl=1 250w\" sizes=\"auto, (max-width: 171px) 100vw, 171px\" data-attachment-id=\"541\" data-permalink=\"https:\/\/helden-von-falkenstein.de\/wordpress\/alleine-reisen-macht-einsam-die-begleiter\/merle_klein\/\" data-orig-file=\"https:\/\/i0.wp.com\/helden-von-falkenstein.de\/wordpress\/wp-content\/uploads\/2016\/01\/merle_klein.jpg?fit=800%2C1403&amp;ssl=1\" data-orig-size=\"800,1403\" data-comments-opened=\"1\" data-image-meta=\"{&quot;aperture&quot;:&quot;0&quot;,&quot;credit&quot;:&quot;&quot;,&quot;camera&quot;:&quot;&quot;,&quot;caption&quot;:&quot;&quot;,&quot;created_timestamp&quot;:&quot;0&quot;,&quot;copyright&quot;:&quot;&quot;,&quot;focal_length&quot;:&quot;0&quot;,&quot;iso&quot;:&quot;0&quot;,&quot;shutter_speed&quot;:&quot;0&quot;,&quot;title&quot;:&quot;&quot;,&quot;orientation&quot;:&quot;1&quot;}\" data-image-title=\"Trommlerin Merle\" data-image-description=\"&lt;p&gt;Begleiter &amp;#8211; Trommlerin Merle&lt;\/p&gt;\n\" data-image-caption=\"&lt;p&gt;Trommlerin Merle &amp;#8211; kann ein Ablenkungsman\u00f6ver durchf\u00fchren (einmalig) und somit Gegner verschwinden lassen&lt;\/p&gt;\n\" data-medium-file=\"https:\/\/i0.wp.com\/helden-von-falkenstein.de\/wordpress\/wp-content\/uploads\/2016\/01\/merle_klein.jpg?fit=171%2C300&amp;ssl=1\" data-large-file=\"https:\/\/i0.wp.com\/helden-von-falkenstein.de\/wordpress\/wp-content\/uploads\/2016\/01\/merle_klein.jpg?fit=584%2C1024&amp;ssl=1\" \/><\/a>\n\t\t\t<\/div>\n\t\t\t\t<figcaption class='wp-caption-text gallery-caption' id='gallery-1-541'>\n\t\t\t\tTrommlerin Merle &#8211; kann ein Ablenkungsman\u00f6ver durchf\u00fchren (einmalig) und somit Gegner verschwinden lassen\n\t\t\t\t<\/figcaption><\/figure><figure class='gallery-item'>\n\t\t\t<div class='gallery-icon portrait'>\n\t\t\t\t<a href='https:\/\/i0.wp.com\/helden-von-falkenstein.de\/wordpress\/wp-content\/uploads\/2016\/01\/tankred_klein.jpg?ssl=1' rel=\"lightbox[536]\"><img loading=\"lazy\" decoding=\"async\" width=\"200\" height=\"300\" src=\"https:\/\/i0.wp.com\/helden-von-falkenstein.de\/wordpress\/wp-content\/uploads\/2016\/01\/tankred_klein.jpg?fit=200%2C300&amp;ssl=1\" class=\"attachment-medium size-medium\" alt=\"Tankred\" aria-describedby=\"gallery-1-545\" srcset=\"https:\/\/i0.wp.com\/helden-von-falkenstein.de\/wordpress\/wp-content\/uploads\/2016\/01\/tankred_klein.jpg?w=667&amp;ssl=1 667w, https:\/\/i0.wp.com\/helden-von-falkenstein.de\/wordpress\/wp-content\/uploads\/2016\/01\/tankred_klein.jpg?resize=200%2C300&amp;ssl=1 200w, https:\/\/i0.wp.com\/helden-von-falkenstein.de\/wordpress\/wp-content\/uploads\/2016\/01\/tankred_klein.jpg?resize=250%2C375&amp;ssl=1 250w\" sizes=\"auto, (max-width: 200px) 100vw, 200px\" data-attachment-id=\"545\" data-permalink=\"https:\/\/helden-von-falkenstein.de\/wordpress\/alleine-reisen-macht-einsam-die-begleiter\/tankred_klein\/\" data-orig-file=\"https:\/\/i0.wp.com\/helden-von-falkenstein.de\/wordpress\/wp-content\/uploads\/2016\/01\/tankred_klein.jpg?fit=667%2C1000&amp;ssl=1\" data-orig-size=\"667,1000\" data-comments-opened=\"1\" data-image-meta=\"{&quot;aperture&quot;:&quot;0&quot;,&quot;credit&quot;:&quot;Jochen Eyer&quot;,&quot;camera&quot;:&quot;&quot;,&quot;caption&quot;:&quot;&quot;,&quot;created_timestamp&quot;:&quot;0&quot;,&quot;copyright&quot;:&quot;Copyright (c) 2011 Firma Larphof&quot;,&quot;focal_length&quot;:&quot;0&quot;,&quot;iso&quot;:&quot;0&quot;,&quot;shutter_speed&quot;:&quot;0&quot;,&quot;title&quot;:&quot;&quot;,&quot;orientation&quot;:&quot;1&quot;}\" data-image-title=\"Tankred\" data-image-description=\"&lt;p&gt;Begleiter &amp;#8211; Tankred&lt;\/p&gt;\n\" data-image-caption=\"&lt;p&gt;Tankred Messerstecher &amp;#8211; unterst\u00fctzt dich im Kampf. Alle deine Soldaten verbrauchen aber doppelt so viel Bier, solange Tankred dich begleitet&lt;\/p&gt;\n\" data-medium-file=\"https:\/\/i0.wp.com\/helden-von-falkenstein.de\/wordpress\/wp-content\/uploads\/2016\/01\/tankred_klein.jpg?fit=200%2C300&amp;ssl=1\" data-large-file=\"https:\/\/i0.wp.com\/helden-von-falkenstein.de\/wordpress\/wp-content\/uploads\/2016\/01\/tankred_klein.jpg?fit=667%2C1000&amp;ssl=1\" \/><\/a>\n\t\t\t<\/div>\n\t\t\t\t<figcaption class='wp-caption-text gallery-caption' id='gallery-1-545'>\n\t\t\t\tTankred Messerstecher &#8211; unterst\u00fctzt dich im Kampf. Alle deine Soldaten verbrauchen aber doppelt so viel Bier, solange Tankred dich begleitet\n\t\t\t\t<\/figcaption><\/figure><figure class='gallery-item'>\n\t\t\t<div class='gallery-icon portrait'>\n\t\t\t\t<a href='https:\/\/i0.wp.com\/helden-von-falkenstein.de\/wordpress\/wp-content\/uploads\/2016\/01\/anna_klein.jpg?ssl=1' rel=\"lightbox[536]\"><img loading=\"lazy\" decoding=\"async\" width=\"211\" height=\"300\" src=\"https:\/\/i0.wp.com\/helden-von-falkenstein.de\/wordpress\/wp-content\/uploads\/2016\/01\/anna_klein.jpg?fit=211%2C300&amp;ssl=1\" class=\"attachment-medium size-medium\" alt=\"Magd Anna\" aria-describedby=\"gallery-1-537\" srcset=\"https:\/\/i0.wp.com\/helden-von-falkenstein.de\/wordpress\/wp-content\/uploads\/2016\/01\/anna_klein.jpg?w=1000&amp;ssl=1 1000w, https:\/\/i0.wp.com\/helden-von-falkenstein.de\/wordpress\/wp-content\/uploads\/2016\/01\/anna_klein.jpg?resize=211%2C300&amp;ssl=1 211w, https:\/\/i0.wp.com\/helden-von-falkenstein.de\/wordpress\/wp-content\/uploads\/2016\/01\/anna_klein.jpg?resize=719%2C1024&amp;ssl=1 719w, https:\/\/i0.wp.com\/helden-von-falkenstein.de\/wordpress\/wp-content\/uploads\/2016\/01\/anna_klein.jpg?resize=250%2C356&amp;ssl=1 250w\" sizes=\"auto, (max-width: 211px) 100vw, 211px\" data-attachment-id=\"537\" data-permalink=\"https:\/\/helden-von-falkenstein.de\/wordpress\/alleine-reisen-macht-einsam-die-begleiter\/anna_klein\/\" data-orig-file=\"https:\/\/i0.wp.com\/helden-von-falkenstein.de\/wordpress\/wp-content\/uploads\/2016\/01\/anna_klein.jpg?fit=1000%2C1425&amp;ssl=1\" data-orig-size=\"1000,1425\" data-comments-opened=\"1\" data-image-meta=\"{&quot;aperture&quot;:&quot;0&quot;,&quot;credit&quot;:&quot;&quot;,&quot;camera&quot;:&quot;&quot;,&quot;caption&quot;:&quot;&quot;,&quot;created_timestamp&quot;:&quot;0&quot;,&quot;copyright&quot;:&quot;&quot;,&quot;focal_length&quot;:&quot;0&quot;,&quot;iso&quot;:&quot;0&quot;,&quot;shutter_speed&quot;:&quot;0&quot;,&quot;title&quot;:&quot;&quot;,&quot;orientation&quot;:&quot;1&quot;}\" data-image-title=\"Magd Anna\" data-image-description=\"&lt;p&gt;Begleiter &amp;#8211; Magd Anna&lt;\/p&gt;\n\" data-image-caption=\"&lt;p&gt;Magd Anna  &amp;#8211; versorgt einen Soldaten mit Bier&lt;\/p&gt;\n\" data-medium-file=\"https:\/\/i0.wp.com\/helden-von-falkenstein.de\/wordpress\/wp-content\/uploads\/2016\/01\/anna_klein.jpg?fit=211%2C300&amp;ssl=1\" data-large-file=\"https:\/\/i0.wp.com\/helden-von-falkenstein.de\/wordpress\/wp-content\/uploads\/2016\/01\/anna_klein.jpg?fit=719%2C1024&amp;ssl=1\" \/><\/a>\n\t\t\t<\/div>\n\t\t\t\t<figcaption class='wp-caption-text gallery-caption' id='gallery-1-537'>\n\t\t\t\tMagd Anna  &#8211; versorgt einen Soldaten mit Bier\n\t\t\t\t<\/figcaption><\/figure><figure class='gallery-item'>\n\t\t\t<div class='gallery-icon portrait'>\n\t\t\t\t<a href='https:\/\/i0.wp.com\/helden-von-falkenstein.de\/wordpress\/wp-content\/uploads\/2016\/01\/feurich_klein.jpg?ssl=1' rel=\"lightbox[536]\"><img loading=\"lazy\" decoding=\"async\" width=\"205\" height=\"300\" src=\"https:\/\/i0.wp.com\/helden-von-falkenstein.de\/wordpress\/wp-content\/uploads\/2016\/01\/feurich_klein.jpg?fit=205%2C300&amp;ssl=1\" class=\"attachment-medium size-medium\" alt=\"Theogonist Feurig vom Fackelhain\" aria-describedby=\"gallery-1-540\" srcset=\"https:\/\/i0.wp.com\/helden-von-falkenstein.de\/wordpress\/wp-content\/uploads\/2016\/01\/feurich_klein.jpg?w=683&amp;ssl=1 683w, https:\/\/i0.wp.com\/helden-von-falkenstein.de\/wordpress\/wp-content\/uploads\/2016\/01\/feurich_klein.jpg?resize=205%2C300&amp;ssl=1 205w, https:\/\/i0.wp.com\/helden-von-falkenstein.de\/wordpress\/wp-content\/uploads\/2016\/01\/feurich_klein.jpg?resize=250%2C366&amp;ssl=1 250w\" sizes=\"auto, (max-width: 205px) 100vw, 205px\" data-attachment-id=\"540\" data-permalink=\"https:\/\/helden-von-falkenstein.de\/wordpress\/alleine-reisen-macht-einsam-die-begleiter\/feurich_klein\/\" data-orig-file=\"https:\/\/i0.wp.com\/helden-von-falkenstein.de\/wordpress\/wp-content\/uploads\/2016\/01\/feurich_klein.jpg?fit=683%2C1000&amp;ssl=1\" data-orig-size=\"683,1000\" data-comments-opened=\"1\" data-image-meta=\"{&quot;aperture&quot;:&quot;0&quot;,&quot;credit&quot;:&quot;&quot;,&quot;camera&quot;:&quot;&quot;,&quot;caption&quot;:&quot;&quot;,&quot;created_timestamp&quot;:&quot;0&quot;,&quot;copyright&quot;:&quot;&quot;,&quot;focal_length&quot;:&quot;0&quot;,&quot;iso&quot;:&quot;0&quot;,&quot;shutter_speed&quot;:&quot;0&quot;,&quot;title&quot;:&quot;&quot;,&quot;orientation&quot;:&quot;1&quot;}\" data-image-title=\"Theogonist Feurig vom Fackelhain\" data-image-description=\"&lt;p&gt;Begleiter &amp;#8211; Theogonist Feurig vom Fackelhain&lt;\/p&gt;\n\" data-image-caption=\"&lt;p&gt;Theogonist Feurich vom Fackelhain &amp;#8211; kann im Tempel predigen und damit die Unruhe zus\u00e4tzlich reduzieren&lt;\/p&gt;\n\" data-medium-file=\"https:\/\/i0.wp.com\/helden-von-falkenstein.de\/wordpress\/wp-content\/uploads\/2016\/01\/feurich_klein.jpg?fit=205%2C300&amp;ssl=1\" data-large-file=\"https:\/\/i0.wp.com\/helden-von-falkenstein.de\/wordpress\/wp-content\/uploads\/2016\/01\/feurich_klein.jpg?fit=683%2C1000&amp;ssl=1\" \/><\/a>\n\t\t\t<\/div>\n\t\t\t\t<figcaption class='wp-caption-text gallery-caption' id='gallery-1-540'>\n\t\t\t\tTheogonist Feurich vom Fackelhain &#8211; kann im Tempel predigen und damit die Unruhe zus\u00e4tzlich reduzieren\n\t\t\t\t<\/figcaption><\/figure><figure class='gallery-item'>\n\t\t\t<div class='gallery-icon portrait'>\n\t\t\t\t<a href='https:\/\/i0.wp.com\/helden-von-falkenstein.de\/wordpress\/wp-content\/uploads\/2016\/01\/silvana_klein.jpg?ssl=1' rel=\"lightbox[536]\"><img loading=\"lazy\" decoding=\"async\" width=\"210\" height=\"300\" src=\"https:\/\/i0.wp.com\/helden-von-falkenstein.de\/wordpress\/wp-content\/uploads\/2016\/01\/silvana_klein.jpg?fit=210%2C300&amp;ssl=1\" class=\"attachment-medium size-medium\" alt=\"Silvana\" aria-describedby=\"gallery-1-544\" srcset=\"https:\/\/i0.wp.com\/helden-von-falkenstein.de\/wordpress\/wp-content\/uploads\/2016\/01\/silvana_klein.jpg?w=1000&amp;ssl=1 1000w, https:\/\/i0.wp.com\/helden-von-falkenstein.de\/wordpress\/wp-content\/uploads\/2016\/01\/silvana_klein.jpg?resize=210%2C300&amp;ssl=1 210w, https:\/\/i0.wp.com\/helden-von-falkenstein.de\/wordpress\/wp-content\/uploads\/2016\/01\/silvana_klein.jpg?resize=716%2C1024&amp;ssl=1 716w, https:\/\/i0.wp.com\/helden-von-falkenstein.de\/wordpress\/wp-content\/uploads\/2016\/01\/silvana_klein.jpg?resize=250%2C358&amp;ssl=1 250w\" sizes=\"auto, (max-width: 210px) 100vw, 210px\" data-attachment-id=\"544\" data-permalink=\"https:\/\/helden-von-falkenstein.de\/wordpress\/alleine-reisen-macht-einsam-die-begleiter\/silvana_klein\/\" data-orig-file=\"https:\/\/i0.wp.com\/helden-von-falkenstein.de\/wordpress\/wp-content\/uploads\/2016\/01\/silvana_klein.jpg?fit=1000%2C1431&amp;ssl=1\" data-orig-size=\"1000,1431\" data-comments-opened=\"1\" data-image-meta=\"{&quot;aperture&quot;:&quot;0&quot;,&quot;credit&quot;:&quot;&quot;,&quot;camera&quot;:&quot;&quot;,&quot;caption&quot;:&quot;&quot;,&quot;created_timestamp&quot;:&quot;0&quot;,&quot;copyright&quot;:&quot;&quot;,&quot;focal_length&quot;:&quot;0&quot;,&quot;iso&quot;:&quot;0&quot;,&quot;shutter_speed&quot;:&quot;0&quot;,&quot;title&quot;:&quot;&quot;,&quot;orientation&quot;:&quot;1&quot;}\" data-image-title=\"Silvana\" data-image-description=\"&lt;p&gt;Begleiter &amp;#8211; Silvana&lt;\/p&gt;\n\" data-image-caption=\"&lt;p&gt;Silvana &amp;#8211; beschleunigt deine Reisen&lt;\/p&gt;\n\" data-medium-file=\"https:\/\/i0.wp.com\/helden-von-falkenstein.de\/wordpress\/wp-content\/uploads\/2016\/01\/silvana_klein.jpg?fit=210%2C300&amp;ssl=1\" data-large-file=\"https:\/\/i0.wp.com\/helden-von-falkenstein.de\/wordpress\/wp-content\/uploads\/2016\/01\/silvana_klein.jpg?fit=716%2C1024&amp;ssl=1\" \/><\/a>\n\t\t\t<\/div>\n\t\t\t\t<figcaption class='wp-caption-text gallery-caption' id='gallery-1-544'>\n\t\t\t\tSilvana &#8211; beschleunigt deine Reisen\n\t\t\t\t<\/figcaption><\/figure><figure class='gallery-item'>\n\t\t\t<div class='gallery-icon portrait'>\n\t\t\t\t<a href='https:\/\/i0.wp.com\/helden-von-falkenstein.de\/wordpress\/wp-content\/uploads\/2016\/01\/miriam_klein.jpg?ssl=1' rel=\"lightbox[536]\"><img loading=\"lazy\" decoding=\"async\" width=\"199\" height=\"300\" src=\"https:\/\/i0.wp.com\/helden-von-falkenstein.de\/wordpress\/wp-content\/uploads\/2016\/01\/miriam_klein.jpg?fit=199%2C300&amp;ssl=1\" class=\"attachment-medium size-medium\" alt=\"Miriam Buchenspindler\" aria-describedby=\"gallery-1-542\" srcset=\"https:\/\/i0.wp.com\/helden-von-falkenstein.de\/wordpress\/wp-content\/uploads\/2016\/01\/miriam_klein.jpg?w=662&amp;ssl=1 662w, https:\/\/i0.wp.com\/helden-von-falkenstein.de\/wordpress\/wp-content\/uploads\/2016\/01\/miriam_klein.jpg?resize=199%2C300&amp;ssl=1 199w, https:\/\/i0.wp.com\/helden-von-falkenstein.de\/wordpress\/wp-content\/uploads\/2016\/01\/miriam_klein.jpg?resize=250%2C378&amp;ssl=1 250w\" sizes=\"auto, (max-width: 199px) 100vw, 199px\" data-attachment-id=\"542\" data-permalink=\"https:\/\/helden-von-falkenstein.de\/wordpress\/alleine-reisen-macht-einsam-die-begleiter\/miriam_klein\/\" data-orig-file=\"https:\/\/i0.wp.com\/helden-von-falkenstein.de\/wordpress\/wp-content\/uploads\/2016\/01\/miriam_klein.jpg?fit=662%2C1000&amp;ssl=1\" data-orig-size=\"662,1000\" data-comments-opened=\"1\" data-image-meta=\"{&quot;aperture&quot;:&quot;0&quot;,&quot;credit&quot;:&quot;&quot;,&quot;camera&quot;:&quot;&quot;,&quot;caption&quot;:&quot;&quot;,&quot;created_timestamp&quot;:&quot;0&quot;,&quot;copyright&quot;:&quot;&quot;,&quot;focal_length&quot;:&quot;0&quot;,&quot;iso&quot;:&quot;0&quot;,&quot;shutter_speed&quot;:&quot;0&quot;,&quot;title&quot;:&quot;&quot;,&quot;orientation&quot;:&quot;1&quot;}\" data-image-title=\"Miriam Buchenspindler\" data-image-description=\"&lt;p&gt;Begleiter &amp;#8211; Miriam Buchenspindler&lt;\/p&gt;\n\" data-image-caption=\"&lt;p&gt;Miriam Buchenspindler &amp;#8211; kann beim Einkauf bei Plump feilschen&lt;\/p&gt;\n\" data-medium-file=\"https:\/\/i0.wp.com\/helden-von-falkenstein.de\/wordpress\/wp-content\/uploads\/2016\/01\/miriam_klein.jpg?fit=199%2C300&amp;ssl=1\" data-large-file=\"https:\/\/i0.wp.com\/helden-von-falkenstein.de\/wordpress\/wp-content\/uploads\/2016\/01\/miriam_klein.jpg?fit=662%2C1000&amp;ssl=1\" \/><\/a>\n\t\t\t<\/div>\n\t\t\t\t<figcaption class='wp-caption-text gallery-caption' id='gallery-1-542'>\n\t\t\t\tMiriam Buchenspindler &#8211; kann beim Einkauf bei Plump feilschen\n\t\t\t\t<\/figcaption><\/figure><figure class='gallery-item'>\n\t\t\t<div class='gallery-icon portrait'>\n\t\t\t\t<a href='https:\/\/i0.wp.com\/helden-von-falkenstein.de\/wordpress\/wp-content\/uploads\/2016\/01\/gy_kleins.jpg?ssl=1' rel=\"lightbox[536]\"><img loading=\"lazy\" decoding=\"async\" width=\"209\" height=\"300\" src=\"https:\/\/i0.wp.com\/helden-von-falkenstein.de\/wordpress\/wp-content\/uploads\/2016\/01\/gy_kleins.jpg?fit=209%2C300&amp;ssl=1\" class=\"attachment-medium size-medium\" alt=\"Rudi\" aria-describedby=\"gallery-1-547\" srcset=\"https:\/\/i0.wp.com\/helden-von-falkenstein.de\/wordpress\/wp-content\/uploads\/2016\/01\/gy_kleins.jpg?w=1000&amp;ssl=1 1000w, https:\/\/i0.wp.com\/helden-von-falkenstein.de\/wordpress\/wp-content\/uploads\/2016\/01\/gy_kleins.jpg?resize=209%2C300&amp;ssl=1 209w, https:\/\/i0.wp.com\/helden-von-falkenstein.de\/wordpress\/wp-content\/uploads\/2016\/01\/gy_kleins.jpg?resize=712%2C1024&amp;ssl=1 712w, https:\/\/i0.wp.com\/helden-von-falkenstein.de\/wordpress\/wp-content\/uploads\/2016\/01\/gy_kleins.jpg?resize=250%2C360&amp;ssl=1 250w\" sizes=\"auto, (max-width: 209px) 100vw, 209px\" data-attachment-id=\"547\" data-permalink=\"https:\/\/helden-von-falkenstein.de\/wordpress\/alleine-reisen-macht-einsam-die-begleiter\/gy_kleins\/\" data-orig-file=\"https:\/\/i0.wp.com\/helden-von-falkenstein.de\/wordpress\/wp-content\/uploads\/2016\/01\/gy_kleins.jpg?fit=1000%2C1438&amp;ssl=1\" data-orig-size=\"1000,1438\" data-comments-opened=\"1\" data-image-meta=\"{&quot;aperture&quot;:&quot;0&quot;,&quot;credit&quot;:&quot;&quot;,&quot;camera&quot;:&quot;&quot;,&quot;caption&quot;:&quot;&quot;,&quot;created_timestamp&quot;:&quot;0&quot;,&quot;copyright&quot;:&quot;&quot;,&quot;focal_length&quot;:&quot;0&quot;,&quot;iso&quot;:&quot;0&quot;,&quot;shutter_speed&quot;:&quot;0&quot;,&quot;title&quot;:&quot;&quot;,&quot;orientation&quot;:&quot;1&quot;}\" data-image-title=\"Rudi\" data-image-description=\"&lt;p&gt;Begleiter &amp;#8211; Rudi&lt;\/p&gt;\n\" data-image-caption=\"&lt;p&gt;Rudi &amp;#8211; unterst\u00fctzt dich durch seine Kampfkraft&lt;\/p&gt;\n\" data-medium-file=\"https:\/\/i0.wp.com\/helden-von-falkenstein.de\/wordpress\/wp-content\/uploads\/2016\/01\/gy_kleins.jpg?fit=209%2C300&amp;ssl=1\" data-large-file=\"https:\/\/i0.wp.com\/helden-von-falkenstein.de\/wordpress\/wp-content\/uploads\/2016\/01\/gy_kleins.jpg?fit=712%2C1024&amp;ssl=1\" \/><\/a>\n\t\t\t<\/div>\n\t\t\t\t<figcaption class='wp-caption-text gallery-caption' id='gallery-1-547'>\n\t\t\t\tRudi &#8211; unterst\u00fctzt dich durch seine Kampfkraft\n\t\t\t\t<\/figcaption><\/figure><figure class='gallery-item'>\n\t\t\t<div class='gallery-icon portrait'>\n\t\t\t\t<a href='https:\/\/i0.wp.com\/helden-von-falkenstein.de\/wordpress\/wp-content\/uploads\/2016\/01\/askir1.jpg?ssl=1' rel=\"lightbox[536]\"><img loading=\"lazy\" decoding=\"async\" width=\"156\" height=\"300\" src=\"https:\/\/i0.wp.com\/helden-von-falkenstein.de\/wordpress\/wp-content\/uploads\/2016\/01\/askir1.jpg?fit=156%2C300&amp;ssl=1\" class=\"attachment-medium size-medium\" alt=\"Askir Nordfal\" aria-describedby=\"gallery-1-538\" srcset=\"https:\/\/i0.wp.com\/helden-von-falkenstein.de\/wordpress\/wp-content\/uploads\/2016\/01\/askir1.jpg?w=1380&amp;ssl=1 1380w, https:\/\/i0.wp.com\/helden-von-falkenstein.de\/wordpress\/wp-content\/uploads\/2016\/01\/askir1.jpg?resize=156%2C300&amp;ssl=1 156w, https:\/\/i0.wp.com\/helden-von-falkenstein.de\/wordpress\/wp-content\/uploads\/2016\/01\/askir1.jpg?resize=534%2C1024&amp;ssl=1 534w, https:\/\/i0.wp.com\/helden-von-falkenstein.de\/wordpress\/wp-content\/uploads\/2016\/01\/askir1.jpg?resize=250%2C479&amp;ssl=1 250w\" sizes=\"auto, (max-width: 156px) 100vw, 156px\" data-attachment-id=\"538\" data-permalink=\"https:\/\/helden-von-falkenstein.de\/wordpress\/alleine-reisen-macht-einsam-die-begleiter\/askir1\/\" data-orig-file=\"https:\/\/i0.wp.com\/helden-von-falkenstein.de\/wordpress\/wp-content\/uploads\/2016\/01\/askir1.jpg?fit=1380%2C2646&amp;ssl=1\" data-orig-size=\"1380,2646\" data-comments-opened=\"1\" data-image-meta=\"{&quot;aperture&quot;:&quot;0&quot;,&quot;credit&quot;:&quot;&quot;,&quot;camera&quot;:&quot;&quot;,&quot;caption&quot;:&quot;&quot;,&quot;created_timestamp&quot;:&quot;0&quot;,&quot;copyright&quot;:&quot;&quot;,&quot;focal_length&quot;:&quot;0&quot;,&quot;iso&quot;:&quot;0&quot;,&quot;shutter_speed&quot;:&quot;0&quot;,&quot;title&quot;:&quot;&quot;,&quot;orientation&quot;:&quot;1&quot;}\" data-image-title=\"Askir Nordfal\" data-image-description=\"&lt;p&gt;Begleiter &amp;#8211; Askir Nordfal&lt;\/p&gt;\n\" data-image-caption=\"&lt;p&gt;Askir Nordfall &amp;#8211; kann den Tod von bis zu drei Soldaten verhindern (einmalig)&lt;\/p&gt;\n\" data-medium-file=\"https:\/\/i0.wp.com\/helden-von-falkenstein.de\/wordpress\/wp-content\/uploads\/2016\/01\/askir1.jpg?fit=156%2C300&amp;ssl=1\" data-large-file=\"https:\/\/i0.wp.com\/helden-von-falkenstein.de\/wordpress\/wp-content\/uploads\/2016\/01\/askir1.jpg?fit=534%2C1024&amp;ssl=1\" \/><\/a>\n\t\t\t<\/div>\n\t\t\t\t<figcaption class='wp-caption-text gallery-caption' id='gallery-1-538'>\n\t\t\t\tAskir Nordfall &#8211; kann den Tod von bis zu drei Soldaten verhindern (einmalig)\n\t\t\t\t<\/figcaption><\/figure><figure class='gallery-item'>\n\t\t\t<div class='gallery-icon portrait'>\n\t\t\t\t<a href='https:\/\/i0.wp.com\/helden-von-falkenstein.de\/wordpress\/wp-content\/uploads\/2016\/01\/tagel\u00f6hner_illustration.jpg?ssl=1' rel=\"lightbox[536]\"><img loading=\"lazy\" decoding=\"async\" width=\"196\" height=\"300\" src=\"https:\/\/i0.wp.com\/helden-von-falkenstein.de\/wordpress\/wp-content\/uploads\/2016\/01\/tagel\u00f6hner_illustration.jpg?fit=196%2C300&amp;ssl=1\" class=\"attachment-medium size-medium\" alt=\"Tagel\u00f6hner\" aria-describedby=\"gallery-1-549\" srcset=\"https:\/\/i0.wp.com\/helden-von-falkenstein.de\/wordpress\/wp-content\/uploads\/2016\/01\/tagel\u00f6hner_illustration.jpg?w=250&amp;ssl=1 250w, https:\/\/i0.wp.com\/helden-von-falkenstein.de\/wordpress\/wp-content\/uploads\/2016\/01\/tagel\u00f6hner_illustration.jpg?resize=196%2C300&amp;ssl=1 196w\" sizes=\"auto, (max-width: 196px) 100vw, 196px\" data-attachment-id=\"549\" data-permalink=\"https:\/\/helden-von-falkenstein.de\/wordpress\/alleine-reisen-macht-einsam-die-begleiter\/tageloehner_illustration\/\" data-orig-file=\"https:\/\/i0.wp.com\/helden-von-falkenstein.de\/wordpress\/wp-content\/uploads\/2016\/01\/tagel\u00f6hner_illustration.jpg?fit=250%2C382&amp;ssl=1\" data-orig-size=\"250,382\" data-comments-opened=\"1\" data-image-meta=\"{&quot;aperture&quot;:&quot;0&quot;,&quot;credit&quot;:&quot;&quot;,&quot;camera&quot;:&quot;&quot;,&quot;caption&quot;:&quot;&quot;,&quot;created_timestamp&quot;:&quot;0&quot;,&quot;copyright&quot;:&quot;&quot;,&quot;focal_length&quot;:&quot;0&quot;,&quot;iso&quot;:&quot;0&quot;,&quot;shutter_speed&quot;:&quot;0&quot;,&quot;title&quot;:&quot;&quot;,&quot;orientation&quot;:&quot;1&quot;}\" data-image-title=\"Tagel\u00f6hner\" data-image-description=\"&lt;p&gt;Begleiter &amp;#8211; Tagel\u00f6hner&lt;\/p&gt;\n\" data-image-caption=\"&lt;p&gt;Tagel\u00f6hner &amp;#8211; hilft dir beim Tragen und Suchen&lt;\/p&gt;\n\" data-medium-file=\"https:\/\/i0.wp.com\/helden-von-falkenstein.de\/wordpress\/wp-content\/uploads\/2016\/01\/tagel\u00f6hner_illustration.jpg?fit=196%2C300&amp;ssl=1\" data-large-file=\"https:\/\/i0.wp.com\/helden-von-falkenstein.de\/wordpress\/wp-content\/uploads\/2016\/01\/tagel\u00f6hner_illustration.jpg?fit=250%2C382&amp;ssl=1\" \/><\/a>\n\t\t\t<\/div>\n\t\t\t\t<figcaption class='wp-caption-text gallery-caption' id='gallery-1-549'>\n\t\t\t\tTagel\u00f6hner &#8211; hilft dir beim Tragen und Suchen\n\t\t\t\t<\/figcaption><\/figure><figure class='gallery-item'>\n\t\t\t<div class='gallery-icon portrait'>\n\t\t\t\t<a href='https:\/\/i0.wp.com\/helden-von-falkenstein.de\/wordpress\/wp-content\/uploads\/2016\/01\/ferno_klein.jpg?ssl=1' rel=\"lightbox[536]\"><img loading=\"lazy\" decoding=\"async\" width=\"209\" height=\"300\" src=\"https:\/\/i0.wp.com\/helden-von-falkenstein.de\/wordpress\/wp-content\/uploads\/2016\/01\/ferno_klein.jpg?fit=209%2C300&amp;ssl=1\" class=\"attachment-medium size-medium\" alt=\"Ferno\" aria-describedby=\"gallery-1-548\" srcset=\"https:\/\/i0.wp.com\/helden-von-falkenstein.de\/wordpress\/wp-content\/uploads\/2016\/01\/ferno_klein.jpg?w=1000&amp;ssl=1 1000w, https:\/\/i0.wp.com\/helden-von-falkenstein.de\/wordpress\/wp-content\/uploads\/2016\/01\/ferno_klein.jpg?resize=209%2C300&amp;ssl=1 209w, https:\/\/i0.wp.com\/helden-von-falkenstein.de\/wordpress\/wp-content\/uploads\/2016\/01\/ferno_klein.jpg?resize=714%2C1024&amp;ssl=1 714w, https:\/\/i0.wp.com\/helden-von-falkenstein.de\/wordpress\/wp-content\/uploads\/2016\/01\/ferno_klein.jpg?resize=250%2C359&amp;ssl=1 250w\" sizes=\"auto, (max-width: 209px) 100vw, 209px\" data-attachment-id=\"548\" data-permalink=\"https:\/\/helden-von-falkenstein.de\/wordpress\/alleine-reisen-macht-einsam-die-begleiter\/ferno_klein\/\" data-orig-file=\"https:\/\/i0.wp.com\/helden-von-falkenstein.de\/wordpress\/wp-content\/uploads\/2016\/01\/ferno_klein.jpg?fit=1000%2C1434&amp;ssl=1\" data-orig-size=\"1000,1434\" data-comments-opened=\"1\" data-image-meta=\"{&quot;aperture&quot;:&quot;0&quot;,&quot;credit&quot;:&quot;&quot;,&quot;camera&quot;:&quot;&quot;,&quot;caption&quot;:&quot;&quot;,&quot;created_timestamp&quot;:&quot;0&quot;,&quot;copyright&quot;:&quot;&quot;,&quot;focal_length&quot;:&quot;0&quot;,&quot;iso&quot;:&quot;0&quot;,&quot;shutter_speed&quot;:&quot;0&quot;,&quot;title&quot;:&quot;&quot;,&quot;orientation&quot;:&quot;1&quot;}\" data-image-title=\"Ferno\" data-image-description=\"&lt;p&gt;Begleiter &amp;#8211; Ferno &lt;\/p&gt;\n\" data-image-caption=\"&lt;p&gt;Ferno Faldrin &amp;#8211; Katapultbeschuss des Feindes&lt;\/p&gt;\n\" data-medium-file=\"https:\/\/i0.wp.com\/helden-von-falkenstein.de\/wordpress\/wp-content\/uploads\/2016\/01\/ferno_klein.jpg?fit=209%2C300&amp;ssl=1\" data-large-file=\"https:\/\/i0.wp.com\/helden-von-falkenstein.de\/wordpress\/wp-content\/uploads\/2016\/01\/ferno_klein.jpg?fit=714%2C1024&amp;ssl=1\" \/><\/a>\n\t\t\t<\/div>\n\t\t\t\t<figcaption class='wp-caption-text gallery-caption' id='gallery-1-548'>\n\t\t\t\tFerno Faldrin &#8211; Katapultbeschuss des Feindes\n\t\t\t\t<\/figcaption><\/figure><figure class='gallery-item'>\n\t\t\t<div class='gallery-icon landscape'>\n\t\t\t\t<a href='https:\/\/i0.wp.com\/helden-von-falkenstein.de\/wordpress\/wp-content\/uploads\/2016\/01\/ego_klein.jpg?ssl=1' rel=\"lightbox[536]\"><img loading=\"lazy\" decoding=\"async\" width=\"300\" height=\"269\" src=\"https:\/\/i0.wp.com\/helden-von-falkenstein.de\/wordpress\/wp-content\/uploads\/2016\/01\/ego_klein.jpg?fit=300%2C269&amp;ssl=1\" class=\"attachment-medium size-medium\" alt=\"Ego\" aria-describedby=\"gallery-1-539\" srcset=\"https:\/\/i0.wp.com\/helden-von-falkenstein.de\/wordpress\/wp-content\/uploads\/2016\/01\/ego_klein.jpg?w=1000&amp;ssl=1 1000w, https:\/\/i0.wp.com\/helden-von-falkenstein.de\/wordpress\/wp-content\/uploads\/2016\/01\/ego_klein.jpg?resize=300%2C269&amp;ssl=1 300w, https:\/\/i0.wp.com\/helden-von-falkenstein.de\/wordpress\/wp-content\/uploads\/2016\/01\/ego_klein.jpg?resize=250%2C224&amp;ssl=1 250w\" sizes=\"auto, (max-width: 300px) 100vw, 300px\" data-attachment-id=\"539\" data-permalink=\"https:\/\/helden-von-falkenstein.de\/wordpress\/alleine-reisen-macht-einsam-die-begleiter\/ego_klein\/\" data-orig-file=\"https:\/\/i0.wp.com\/helden-von-falkenstein.de\/wordpress\/wp-content\/uploads\/2016\/01\/ego_klein.jpg?fit=1000%2C895&amp;ssl=1\" data-orig-size=\"1000,895\" data-comments-opened=\"1\" data-image-meta=\"{&quot;aperture&quot;:&quot;0&quot;,&quot;credit&quot;:&quot;&quot;,&quot;camera&quot;:&quot;&quot;,&quot;caption&quot;:&quot;&quot;,&quot;created_timestamp&quot;:&quot;0&quot;,&quot;copyright&quot;:&quot;&quot;,&quot;focal_length&quot;:&quot;0&quot;,&quot;iso&quot;:&quot;0&quot;,&quot;shutter_speed&quot;:&quot;0&quot;,&quot;title&quot;:&quot;&quot;,&quot;orientation&quot;:&quot;1&quot;}\" data-image-title=\"Ego\" data-image-description=\"&lt;p&gt;Begleiter &amp;#8211; Ego&lt;\/p&gt;\n\" data-image-caption=\"&lt;p&gt;Ego der Streuner &amp;#8211; findet Ausr\u00fcstungskarten&lt;\/p&gt;\n\" data-medium-file=\"https:\/\/i0.wp.com\/helden-von-falkenstein.de\/wordpress\/wp-content\/uploads\/2016\/01\/ego_klein.jpg?fit=300%2C269&amp;ssl=1\" data-large-file=\"https:\/\/i0.wp.com\/helden-von-falkenstein.de\/wordpress\/wp-content\/uploads\/2016\/01\/ego_klein.jpg?fit=1000%2C895&amp;ssl=1\" \/><\/a>\n\t\t\t<\/div>\n\t\t\t\t<figcaption class='wp-caption-text gallery-caption' id='gallery-1-539'>\n\t\t\t\tEgo der Streuner &#8211; findet Ausr\u00fcstungskarten\n\t\t\t\t<\/figcaption><\/figure><figure class='gallery-item'>\n\t\t\t<div class='gallery-icon portrait'>\n\t\t\t\t<a href='https:\/\/i0.wp.com\/helden-von-falkenstein.de\/wordpress\/wp-content\/uploads\/2016\/01\/nicolo.jpg?ssl=1' rel=\"lightbox[536]\"><img loading=\"lazy\" decoding=\"async\" width=\"184\" height=\"300\" src=\"https:\/\/i0.wp.com\/helden-von-falkenstein.de\/wordpress\/wp-content\/uploads\/2016\/01\/nicolo.jpg?fit=184%2C300&amp;ssl=1\" class=\"attachment-medium size-medium\" alt=\"Nicolo la Mancha\" aria-describedby=\"gallery-1-543\" srcset=\"https:\/\/i0.wp.com\/helden-von-falkenstein.de\/wordpress\/wp-content\/uploads\/2016\/01\/nicolo.jpg?w=1500&amp;ssl=1 1500w, https:\/\/i0.wp.com\/helden-von-falkenstein.de\/wordpress\/wp-content\/uploads\/2016\/01\/nicolo.jpg?resize=184%2C300&amp;ssl=1 184w, https:\/\/i0.wp.com\/helden-von-falkenstein.de\/wordpress\/wp-content\/uploads\/2016\/01\/nicolo.jpg?resize=628%2C1024&amp;ssl=1 628w, https:\/\/i0.wp.com\/helden-von-falkenstein.de\/wordpress\/wp-content\/uploads\/2016\/01\/nicolo.jpg?resize=250%2C407&amp;ssl=1 250w\" sizes=\"auto, (max-width: 184px) 100vw, 184px\" data-attachment-id=\"543\" data-permalink=\"https:\/\/helden-von-falkenstein.de\/wordpress\/alleine-reisen-macht-einsam-die-begleiter\/nicolo\/\" data-orig-file=\"https:\/\/i0.wp.com\/helden-von-falkenstein.de\/wordpress\/wp-content\/uploads\/2016\/01\/nicolo.jpg?fit=1500%2C2444&amp;ssl=1\" data-orig-size=\"1500,2444\" data-comments-opened=\"1\" data-image-meta=\"{&quot;aperture&quot;:&quot;0&quot;,&quot;credit&quot;:&quot;&quot;,&quot;camera&quot;:&quot;&quot;,&quot;caption&quot;:&quot;&quot;,&quot;created_timestamp&quot;:&quot;0&quot;,&quot;copyright&quot;:&quot;&quot;,&quot;focal_length&quot;:&quot;0&quot;,&quot;iso&quot;:&quot;0&quot;,&quot;shutter_speed&quot;:&quot;0&quot;,&quot;title&quot;:&quot;&quot;,&quot;orientation&quot;:&quot;1&quot;}\" data-image-title=\"Nicolo la Mancha\" data-image-description=\"&lt;p&gt;Begleiter &amp;#8211; Nicolo la Mancha&lt;\/p&gt;\n\" data-image-caption=\"&lt;p&gt;Nicolo la Mancha &amp;#8211; kann seinen ber\u00fchmten linken Haken einsetzen, um einen Gegner zu besiegen&lt;\/p&gt;\n\" data-medium-file=\"https:\/\/i0.wp.com\/helden-von-falkenstein.de\/wordpress\/wp-content\/uploads\/2016\/01\/nicolo.jpg?fit=184%2C300&amp;ssl=1\" data-large-file=\"https:\/\/i0.wp.com\/helden-von-falkenstein.de\/wordpress\/wp-content\/uploads\/2016\/01\/nicolo.jpg?fit=628%2C1024&amp;ssl=1\" \/><\/a>\n\t\t\t<\/div>\n\t\t\t\t<figcaption class='wp-caption-text gallery-caption' id='gallery-1-543'>\n\t\t\t\tNicolo la Mancha &#8211; kann seinen ber\u00fchmten linken Haken einsetzen, um einen Gegner zu besiegen\n\t\t\t\t<\/figcaption><\/figure>\n\t\t<\/div>\n\n<h3><\/h3>\n","protected":false},"excerpt":{"rendered":"<p>Neben den Helden und wichtigen Pers\u00f6nlichkeiten Falkensteins gibt es auch eine Reihe Begleiter. Einige von ihnen sind ebenfalls Helden Falkensteins, die jedoch nicht als Charakterkarte zur Verf\u00fcgung stehen. Andere sind B\u00fcrger\u00a0und Reisende, die in Falkenstein Bekanntheit erlangt haben. Dar\u00fcber hinaus gibt es auch einfache Tagel\u00f6hner, die ihre sieben Sachen gepackt haben und das gro\u00dfe Abenteuer<span class=\"excerpt-ellipsis\">&#8230;<\/span><\/p>\n<p><a class=\"more-link\" href=\"https:\/\/helden-von-falkenstein.de\/wordpress\/alleine-reisen-macht-einsam-die-begleiter\/\" itemprop=\"url\">Continue<\/a><\/p>\n","protected":false},"author":1,"featured_media":551,"comment_status":"open","ping_status":"closed","sticky":false,"template":"","format":"standard","meta":{"jetpack_post_was_ever_published":false,"_jetpack_newsletter_access":"","_jetpack_dont_email_post_to_subs":false,"_jetpack_newsletter_tier_id":0,"_jetpack_memberships_contains_paywalled_content":false,"_jetpack_memberships_contains_paid_content":false,"footnotes":"","jetpack_publicize_message":"Alleine Reisen macht einsam - Die Begleiter","jetpack_publicize_feature_enabled":true,"jetpack_social_post_already_shared":true,"jetpack_social_options":{"image_generator_settings":{"template":"highway","enabled":false}}},"categories":[7,11],"tags":[48,22,13],"class_list":["post-536","post","type-post","status-publish","format-standard","has-post-thumbnail","hentry","category-entwicklung","category-illustration","tag-begleiter","tag-charakter","tag-illustration"],"jetpack_publicize_connections":[],"jetpack_featured_media_url":"https:\/\/i0.wp.com\/helden-von-falkenstein.de\/wordpress\/wp-content\/uploads\/2016\/01\/begleiter.jpg?fit=1000%2C300&ssl=1","jetpack_sharing_enabled":true,"jetpack_shortlink":"https:\/\/wp.me\/p75ULJ-8E","jetpack-related-posts":[],"_links":{"self":[{"href":"https:\/\/helden-von-falkenstein.de\/wordpress\/wp-json\/wp\/v2\/posts\/536","targetHints":{"allow":["GET"]}}],"collection":[{"href":"https:\/\/helden-von-falkenstein.de\/wordpress\/wp-json\/wp\/v2\/posts"}],"about":[{"href":"https:\/\/helden-von-falkenstein.de\/wordpress\/wp-json\/wp\/v2\/types\/post"}],"author":[{"embeddable":true,"href":"https:\/\/helden-von-falkenstein.de\/wordpress\/wp-json\/wp\/v2\/users\/1"}],"replies":[{"embeddable":true,"href":"https:\/\/helden-von-falkenstein.de\/wordpress\/wp-json\/wp\/v2\/comments?post=536"}],"version-history":[{"count":4,"href":"https:\/\/helden-von-falkenstein.de\/wordpress\/wp-json\/wp\/v2\/posts\/536\/revisions"}],"predecessor-version":[{"id":555,"href":"https:\/\/helden-von-falkenstein.de\/wordpress\/wp-json\/wp\/v2\/posts\/536\/revisions\/555"}],"wp:featuredmedia":[{"embeddable":true,"href":"https:\/\/helden-von-falkenstein.de\/wordpress\/wp-json\/wp\/v2\/media\/551"}],"wp:attachment":[{"href":"https:\/\/helden-von-falkenstein.de\/wordpress\/wp-json\/wp\/v2\/media?parent=536"}],"wp:term":[{"taxonomy":"category","embeddable":true,"href":"https:\/\/helden-von-falkenstein.de\/wordpress\/wp-json\/wp\/v2\/categories?post=536"},{"taxonomy":"post_tag","embeddable":true,"href":"https:\/\/helden-von-falkenstein.de\/wordpress\/wp-json\/wp\/v2\/tags?post=536"}],"curies":[{"name":"wp","href":"https:\/\/api.w.org\/{rel}","templated":true}]}}